{"id":17026432,"date":"2026-03-12T13:38:04","date_gmt":"2026-03-12T12:38:04","guid":{"rendered":"https:\/\/escales.ponant.com\/?p=17026432"},"modified":"2026-03-12T19:14:19","modified_gmt":"2026-03-12T18:14:19","slug":"from-the-white-house-to-the-polar-night","status":"publish","type":"post","link":"https:\/\/escales.ponant.com\/us\/from-the-white-house-to-the-polar-night\/","title":{"rendered":"From the White House to the Polar Night"},"content":{"rendered":"<p>[et_pb_section fb_built=\u201d1\u2033 _builder_version=\u201d4.16\u2033 _module_preset=\u201ddefault\u201d custom_padding=\u201d0px||0px||true|false\u201d global_colors_info=\u201d{}\u201d][et_pb_row _builder_version=\u201d4.16\u2033 _module_preset=\u201ddefault\u201d max_width=\u201d900px\u201d global_colors_info=\u201d{}\u201d][et_pb_column type=\u201d4_4\u2033 _builder_version=\u201d4.16\u2033 _module_preset=\u201ddefault\u201d global_colors_info=\u201d{}\u201d][et_pb_text _builder_version=\u201d4.27.5\u2033 _module_preset=\u201ddefault\u201d header_2_font=\u201d|300|||||||\u201d header_2_text_color=\u201d#334556\u2033 header_2_font_size=\u201d38px\u201d width=\u201d100%\u201d custom_padding=\u201d0px||21px|0px|false|false\u201d global_colors_info=\u201d{}\u201d]<\/p>\n<h3><span class=\"TextRun SCXW90565846 BCX0\" lang=\"EN-US\" xml:lang=\"EN-US\" data-contrast=\"none\"><span class=\"NormalTextRun SCXW90565846 BCX0\" data-ccp-parastyle=\"heading 2\">\u00a07 Expressions of Culinary Diplomacy in the Arctic <\/span><\/span><span class=\"EOP SCXW90565846 BCX0\" data-ccp-props='{\"134245418\":true,\"134245529\":true,\"335559738\":0}'>\u00a0<\/span><\/h3>\n<p>\u00a0<\/p>\n<p>There are many ways to break the ice.<\/p>\n<p>Some require steel.<\/p>\n<p>Others begin with a meal.<\/p>\n<p><span data-contrast=\"auto\">In January 2027, both happen at once.<\/span><span data-ccp-props='{\"134233117\":false,\"134233118\":false,\"335559738\":0,\"335559739\":0}'>\u00a0<\/span><\/p>\n<p><span data-ccp-props='{\"134233117\":false,\"134233118\":false,\"335559738\":0,\"335559739\":0}'>\u00a0<\/span><span data-contrast=\"auto\">As\u00a0<\/span><a href=\"https:\/\/us.ponant.com\/cruise-ships\/le-commandant-charcot\"><i><span data-contrast=\"none\">Le Commandant Charcot<\/span><\/i><\/a><span data-contrast=\"auto\">\u00a0presses into the frozen waters of the <\/span><a href=\"https:\/\/us.ponant.com\/northern-europe-scandinavia-the-gulf-of-bothnia-at-the-gateway-to-the-arctic-cc301226-12\"><span data-contrast=\"none\">Gulf of Bothnia<\/span><\/a><span data-contrast=\"auto\">, a different kind of gathering unfolds on board\u00a0the world\u2019s only luxury icebreaker\u2014one shaped not by protocol, but by\u00a0philosophy. Around the table are voices that have\u00a0served at the\u00a0center of global power: an executive\u00a0chef who led the White House kitchen for nearly three decades; a culinary force who helmed\u00a0the \u00c9lys\u00e9e Palace\u00a0kitchen\u00a0before becoming Ambassador for French Gastronomy;\u00a0a diplomat who represented France in three of the world\u2019s most consequential capitals;\u00a0and the founder of the world\u2019s most exclusive gastronomic society\u2014a man guided by the belief that if politics divides people, a good table brings them together.<\/span><span data-ccp-props='{\"134233117\":false,\"134233118\":false,\"335559738\":0,\"335559739\":0}'>\u00a0<\/span><\/p>\n<p><span data-contrast=\"auto\">From\u00a0<\/span><a href=\"https:\/\/us.ponant.com\/northern-europe-scandinavia-the-gulf-of-bothnia-at-the-gateway-to-the-arctic-cc301226-12\"><span data-contrast=\"none\">January 15\u201323, 2027,\u00a0a\u00a0nine-day voyage from Kemi to Helsinki<\/span><\/a><span data-contrast=\"auto\">\u00a0becomes more than a winter passage through the Baltic. It becomes a rare convergence of gastronomy, diplomacy,\u00a0and polar exploration.<\/span><span data-ccp-props='{\"134233117\":false,\"134233118\":false,\"335559738\":0,\"335559739\":0}'>\u00a0<\/span><\/p>\n<p><span class=\"TextRun SCXW76863448 BCX0\" lang=\"EN-US\" xml:lang=\"EN-US\" data-contrast=\"auto\"><span class=\"NormalTextRun SCXW76863448 BCX0\" data-ccp-parastyle=\"p3\" data-ccp-parastyle-defn='{\"ObjectId\":\"55a68153-7335-547e-9a8c-d95dc03098f4|1\",\"ClassId\":1073872969,\"Properties\":[268442635,\"24\",469777841,\"Times New Roman\",469777842,\"Times New Roman\",469777843,\"Times New Roman\",469777844,\"Times New Roman\",469769226,\"Times New Roman\",469775450,\"p3\",201340122,\"2\",134233614,\"true\",469778129,\"p3\",335572020,\"1\",134233118,\"true\",134233117,\"true\",469778324,\"Normal\"]}'>Here are eight\u00a0<\/span><span class=\"NormalTextRun SCXW76863448 BCX0\" data-ccp-parastyle=\"p3\">ways this Arctic gathering redefines diplomacy through cuisine<\/span><span class=\"NormalTextRun SCXW76863448 BCX0\" data-ccp-parastyle=\"p3\">:<\/span><\/span><span class=\"EOP SCXW76863448 BCX0\" data-ccp-props='{\"134233117\":false,\"134233118\":false,\"335559738\":0,\"335559739\":0}'>\u00a0<\/span><br>\n[\/et_pb_text][\/et_pb_column][\/et_pb_row][\/et_pb_section][et_pb_section fb_built=\u201d1\u2033 _builder_version=\u201d4.16\u2033 _module_preset=\u201ddefault\u201d custom_padding=\u201d0px||0px||true|false\u201d global_colors_info=\u201d{}\u201d][et_pb_row _builder_version=\u201d4.16\u2033 _module_preset=\u201ddefault\u201d max_width=\u201d1000px\u201d custom_padding=\u201d0px||0px|10px|true|false\u201d global_colors_info=\u201d{}\u201d][et_pb_column type=\u201d4_4\u2033 _builder_version=\u201d4.16\u2033 _module_preset=\u201ddefault\u201d global_colors_info=\u201d{}\u201d][et_pb_image src=\u201dhttps:\/\/escales.ponant.com\/wp-content\/uploads\/2026\/03\/carre-Comerford-Photo-by-Chip-SomodevillaGetty-Images-1.jpg\u201d alt=\u201dResearch during PolarSOWCr \u2013 Informing the Search for Life on Ocean Worlds (Photo by Miriam Naseem)_800x500\u2033 title_text=\u201dcarre\u0301 Comerford \u2013 Photo by Chip SomodevillaGetty Images\u201d align=\u201dcenter\u201d _builder_version=\u201d4.27.5\u2033 _module_preset=\u201ddefault\u201d background_color=\u201dRGBA(255,255,255,0)\u201d global_colors_info=\u201d{}\u201d][\/et_pb_image][et_pb_text _builder_version=\u201d4.27.5\u2033 _module_preset=\u201ddefault\u201d global_colors_info=\u201d{}\u201d]<\/p>\n<p style=\"text-align: center;\"><span class=\"TextRun SCXW33971593 BCX0\" lang=\"EN-US\" xml:lang=\"EN-US\" data-contrast=\"auto\"><span class=\"NormalTextRun SCXW33971593 BCX0\" data-ccp-parastyle=\"p3\" data-ccp-parastyle-defn='{\"ObjectId\":\"55a68153-7335-547e-9a8c-d95dc03098f4|1\",\"ClassId\":1073872969,\"Properties\":[268442635,\"24\",469777841,\"Times New Roman\",469777842,\"Times New Roman\",469777843,\"Times New Roman\",469777844,\"Times New Roman\",469769226,\"Times New Roman\",469775450,\"p3\",201340122,\"2\",134233614,\"true\",469778129,\"p3\",335572020,\"1\",134233118,\"true\",134233117,\"true\",469778324,\"Normal\"]}'>Cristeta Comerford, former Executive Chef of the White House, brings decades of culinary diplomacy to the table on this voyage through the Gulf of Bothnia, just south of the Arctic Circle. (Photo Credit: Chip Somodevilla | Getty-Images)<\/span><\/span><\/p>\n<p>[\/et_pb_text][et_pb_text _builder_version=\u201d4.27.5\u2033 _module_preset=\u201ddefault\u201d header_2_font=\u201d|300|||||||\u201d header_2_text_color=\u201d#334556\u2033 header_2_font_size=\u201d38px\u201d custom_padding=\u201d50px||50px||true|false\u201d global_colors_info=\u201d{}\u201d]<\/p>\n<h3><span class=\"TextRun SCXW215659032 BCX0\" lang=\"EN-US\" xml:lang=\"EN-US\" data-contrast=\"none\"><span class=\"NormalTextRun SCXW215659032 BCX0\" data-ccp-parastyle=\"heading 2\">1. <\/span><span class=\"NormalTextRun SCXW215659032 BCX0\" data-ccp-parastyle=\"heading 2\">\u00a0\u00a0<\/span><span class=\"NormalTextRun SCXW215659032 BCX0\" data-ccp-parastyle=\"heading 2\">A White House Perspective on Culinary Diplomacy<\/span><\/span><span class=\"EOP SCXW215659032 BCX0\" data-ccp-props='{\"134245418\":true,\"134245529\":true,\"335559738\":0}'>\u00a0<\/span><\/h3>\n<p><strong><i>Cristeta Comerford, Former White House Executive Chef<\/i>\u00a0<\/strong><\/p>\n<p><span data-contrast=\"auto\">For\u00a0nearly thirty\u00a0years,\u00a0Cristeta\u00a0directed the White House kitchen, serving five U.S. presidents across eight administrations and orchestrating more than fifty State Dinners. In that setting, food was never simply food. Every ingredient carried meaning,\u00a0every menu acknowledged culture, and\u00a0every detail mattered.\u00a0\u00a0<\/span><span data-ccp-props='{\"134233117\":false,\"134233118\":false,\"335559738\":0,\"335559739\":0}'>\u00a0<\/span><\/p>\n<p><span data-contrast=\"auto\">On board\u00a0<\/span><i><span data-contrast=\"auto\">Le Commandant Charcot<\/span><\/i><span data-contrast=\"auto\">, she reflects\u00a0on her philosophy that \u201cfood is a social facilitator and a powerful conversation tool: a simple yet effective way to spark dialogue at the table. Culinary\u00a0diplomancy\u00a0is an essential reality. Every meal, especially State Dinners,\u00a0is a unique opportunity. There are no second chances. Everything\u00a0has to\u00a0be perfect the\u00a0firs\u00a0time.\u201d\u00a0<\/span><span data-ccp-props='{\"134233117\":false,\"134233118\":false,\"335559738\":0,\"335559739\":0}'>\u00a0<\/span><br>\n[\/et_pb_text][\/et_pb_column][\/et_pb_row][et_pb_row _builder_version=\u201d4.16\u2033 _module_preset=\u201ddefault\u201d max_width=\u201d1000px\u201d custom_padding=\u201d0px||0px|10px|true|false\u201d global_colors_info=\u201d{}\u201d][et_pb_column type=\u201d4_4\u2033 _builder_version=\u201d4.16\u2033 _module_preset=\u201ddefault\u201d global_colors_info=\u201d{}\u201d][et_pb_image src=\u201dhttps:\/\/escales.ponant.com\/wp-content\/uploads\/2026\/03\/Care-Guillaume-Gomez-Portrait-officiel-@frederiqueTouitou-1.jpg\u201d alt=\u201dResearch during PolarSOWCr \u2013 Informing the Search for Life on Ocean Worlds (Photo by Miriam Naseem)_800x500\u2033 title_text=\u201dCare\u0301 Guillaume Gomez \u2013 Portrait officiel @frederiqueTouitou\u201d align=\u201dcenter\u201d _builder_version=\u201d4.27.5\u2033 _module_preset=\u201ddefault\u201d background_color=\u201dRGBA(255,255,255,0)\u201d global_colors_info=\u201d{}\u201d][\/et_pb_image][et_pb_text _builder_version=\u201d4.27.5\u2033 _module_preset=\u201ddefault\u201d global_colors_info=\u201d{}\u201d]<\/p>\n<p style=\"text-align: center;\"><span class=\"TextRun SCXW33971593 BCX0\" lang=\"EN-US\" xml:lang=\"EN-US\" data-contrast=\"auto\"><span class=\"NormalTextRun SCXW33971593 BCX0\" data-ccp-parastyle=\"p3\" data-ccp-parastyle-defn='{\"ObjectId\":\"55a68153-7335-547e-9a8c-d95dc03098f4|1\",\"ClassId\":1073872969,\"Properties\":[268442635,\"24\",469777841,\"Times New Roman\",469777842,\"Times New Roman\",469777843,\"Times New Roman\",469777844,\"Times New Roman\",469769226,\"Times New Roman\",469775450,\"p3\",201340122,\"2\",134233614,\"true\",469778129,\"p3\",335572020,\"1\",134233118,\"true\",134233117,\"true\",469778324,\"Normal\"]}'><span class=\"TextRun SCXW35029780 BCX0\" lang=\"EN-US\" xml:lang=\"EN-US\" data-contrast=\"auto\"><span class=\"NormalTextRun SCXW35029780 BCX0\" data-ccp-parastyle=\"p3\">The\u00a0<\/span><span class=\"NormalTextRun SCXW35029780 BCX0\" data-ccp-parastyle=\"p3\">former Head Chef at the \u00c9lys\u00e9e Palace and France\u2019s Ambassador for Gastronomy,\u00a0<\/span><span class=\"NormalTextRun SCXW35029780 BCX0\" data-ccp-parastyle=\"p3\">Guillaume Gomez\u00a0<\/span><span class=\"NormalTextRun SCXW35029780 BCX0\" data-ccp-parastyle=\"p3\">shares the traditions and cultural heritage of French cuisine aboard\u00a0<\/span><\/span><em><span class=\"TextRun SCXW35029780 BCX0\" lang=\"EN-US\" xml:lang=\"EN-US\" data-contrast=\"auto\"><span class=\"NormalTextRun SCXW35029780 BCX0\" data-ccp-parastyle=\"p3\">Le Commandant Charcot<\/span><\/span><\/em><span class=\"TextRun SCXW35029780 BCX0\" lang=\"EN-US\" xml:lang=\"EN-US\" data-contrast=\"auto\"><span class=\"NormalTextRun SCXW35029780 BCX0\" data-ccp-parastyle=\"p3\">.<\/span><\/span> (Photo Credit: Frederique Touitou)<\/span><\/span><\/p>\n<p>[\/et_pb_text][et_pb_text _builder_version=\u201d4.16\u2033 _module_preset=\u201ddefault\u201d header_2_font=\u201d|300|||||||\u201d header_2_text_color=\u201d#334556\u2033 header_2_font_size=\u201d38px\u201d custom_margin=\u201d||50px|||\u201d custom_padding=\u201d19px|||||\u201d global_colors_info=\u201d{}\u201d]<\/p>\n<h3><span class=\"TextRun SCXW229792004 BCX0\" lang=\"EN-US\" xml:lang=\"EN-US\" data-contrast=\"none\"><span class=\"NormalTextRun SCXW229792004 BCX0\" data-ccp-parastyle=\"heading 2\">2. French Gastronomy at the Highest Level<\/span><\/span><span class=\"EOP SCXW229792004 BCX0\" data-ccp-props='{\"134245418\":true,\"134245529\":true,\"335559738\":0}'>\u00a0<\/span><\/h3>\n<p><strong><i>Guillaume Gomez, Former Head Chef at the\u00a0\u00c9lys\u00e9e Palace;\u00a0currently\u00a0France\u2019s Ambassador for\u00a0Gastronomy<\/i>\u00a0<\/strong><\/p>\n<p><span data-contrast=\"auto\">Having\u00a0spent more than two decades in the kitchens of the \u00c9lys\u00e9e Palace,\u00a0Guillaume\u00a0ultimately served\u00a0as Head Chef to four French presidents, taking part in international events such as the G8 and G20 summits.\u00a0Appointed Ambassador for French Gastronomy\u00a0in 2021, he champions cuisine as living heritage\u2014a reflection of terroir, memory, and national identity.<\/span><span data-ccp-props='{\"134233117\":false,\"134233118\":false,\"335559738\":0,\"335559739\":0}'>\u00a0<\/span><\/p>\n<p><span data-contrast=\"auto\">In the Arctic winter, his perspective feels especially resonant. Culinary tradition, like culture itself, endures through time, climate, and change.<\/span> <span style=\"font-size: 16px;\" data-contrast=\"auto\">\u00a0<\/span><span style=\"font-size: 16px;\" data-ccp-props='{\"134233117\":false,\"134233118\":false,\"335559738\":0,\"335559739\":0}'>\u00a0<\/span><br>\n[\/et_pb_text][\/et_pb_column][\/et_pb_row][\/et_pb_section][et_pb_section fb_built=\u201d1\u2033 _builder_version=\u201d4.16\u2033 _module_preset=\u201ddefault\u201d custom_padding=\u201d0px||0px||true|false\u201d global_colors_info=\u201d{}\u201d][et_pb_row _builder_version=\u201d4.16\u2033 _module_preset=\u201ddefault\u201d max_width=\u201d1000px\u201d custom_padding=\u201d0px||0px|10px|true|false\u201d global_colors_info=\u201d{}\u201d][et_pb_column type=\u201d4_4\u2033 _builder_version=\u201d4.16\u2033 _module_preset=\u201ddefault\u201d global_colors_info=\u201d{}\u201d][et_pb_image src=\u201dhttps:\/\/escales.ponant.com\/wp-content\/uploads\/2026\/03\/SYLVIE_BERMANN-1.jpg\u201d alt=\u201dResearch during PolarSOWCr \u2013 Informing the Search for Life on Ocean Worlds (Photo by Miriam Naseem)_800x500\u2033 title_text=\u201dSYLVIE_BERMANN\u201d align=\u201dcenter\u201d force_fullwidth=\u201don\u201d _builder_version=\u201d4.27.5\u2033 _module_preset=\u201ddefault\u201d background_color=\u201dRGBA(255,255,255,0)\u201d global_colors_info=\u201d{}\u201d][\/et_pb_image][et_pb_text _builder_version=\u201d4.27.5\u2033 _module_preset=\u201ddefault\u201d global_colors_info=\u201d{}\u201d]<\/p>\n<p style=\"text-align: center;\"><span class=\"NormalTextRun SCXW96972669 BCX0\" data-ccp-parastyle=\"p3\">Throughout the voyage,\u00a0<\/span><span class=\"NormalTextRun SCXW96972669 BCX0\" data-ccp-parastyle=\"p3\">Sylvie Bermann, a<\/span><span class=\"NormalTextRun SCXW96972669 BCX0\" data-ccp-parastyle=\"p3\">\u00a0<\/span><span class=\"NormalTextRun SCXW96972669 BCX0\" data-ccp-parastyle=\"p3\">diplomat<\/span><span class=\"NormalTextRun SCXW96972669 BCX0\" data-ccp-parastyle=\"p3\">\u00a0and Ambassador Extraordinary and Plenipotentiary of France,\u00a0<\/span><span class=\"NormalTextRun SCXW96972669 BCX0\" data-ccp-parastyle=\"p3\">discusses\u00a0<\/span><span class=\"NormalTextRun SCXW96972669 BCX0\" data-ccp-parastyle=\"p3\">insights\u00a0<\/span><span class=\"NormalTextRun SCXW96972669 BCX0\" data-ccp-parastyle=\"p3\">gleaned through\u00a0<\/span><span class=\"NormalTextRun SCXW96972669 BCX0\" data-ccp-parastyle=\"p3\">her\u00a0<\/span><span class=\"NormalTextRun SCXW96972669 BCX0\" data-ccp-parastyle=\"p3\">decades of international diplomacy and cultural exchange.<\/span><\/p>\n<p>[\/et_pb_text][et_pb_text _builder_version=\u201d4.27.5\u2033 _module_preset=\u201ddefault\u201d header_2_font=\u201d|300|||||||\u201d header_2_text_color=\u201d#334556\u2033 header_2_font_size=\u201d38px\u201d custom_padding=\u201d50px||50px||true|false\u201d global_colors_info=\u201d{}\u201d]<\/p>\n<h3>3. Diplomacy in Practice<\/h3>\n<p><em><strong>Sylvie Bermann, Diplomat and Ambassador Extraordinary and Plenipotentiary of France\u00a0<\/strong><\/em><\/p>\n<p><span data-contrast=\"auto\">A seasoned diplomat,\u00a0Sylvie\u00a0served as\u00a0France\u2019s ambassador to China, the United Kingdom, and Russia\u2014the first woman to hold each of those posts. During her tenure,\u00a0she navigated complex geopolitical landscapes shaped by nuance and trust.<\/span><span data-ccp-props='{\"134233117\":false,\"134233118\":false,\"335559738\":0,\"335559739\":0}'>\u00a0<\/span><\/p>\n<p><span data-contrast=\"auto\">Her insights deepen the conversation\u00a0aboard\u00a0<\/span><a href=\"https:\/\/us.ponant.com\/cruise-ships\/le-commandant-charcot\"><i><span data-contrast=\"none\">Le Commandant Charcot<\/span><\/i><\/a><span data-contrast=\"auto\">. Where chefs speak of hospitality and symbolism,\u00a0Sylive\u00a0reveals the broader architecture of diplomacy\u00a0and\u00a0the delicate interplay between culture and policy.<\/span><span data-ccp-props='{\"134233117\":false,\"134233118\":false,\"335559738\":0,\"335559739\":0}'>\u00a0<\/span><br>\n[\/et_pb_text][et_pb_image src=\u201dhttps:\/\/escales.ponant.com\/wp-content\/uploads\/2026\/03\/Portrait-Gilles-Bragard-@Club-des-Chefs-des-Chefs-1.jpg\u201d alt=\u201dResearch during PolarSOWCr \u2013 Informing the Search for Life on Ocean Worlds (Photo by Miriam Naseem)_800x500\u2033 title_text=\u201dPortrait Gilles Bragard @Club des Chefs des Chefs\u201d align=\u201dcenter\u201d force_fullwidth=\u201don\u201d _builder_version=\u201d4.27.5\u2033 _module_preset=\u201ddefault\u201d background_color=\u201dRGBA(255,255,255,0)\u201d global_colors_info=\u201d{}\u201d][\/et_pb_image][et_pb_text _builder_version=\u201d4.27.5\u2033 _module_preset=\u201ddefault\u201d global_colors_info=\u201d{}\u201d]<\/p>\n<p style=\"text-align: center;\"><span class=\"NormalTextRun SCXW183220250 BCX0\" data-ccp-parastyle=\"p3\">\u00a0 Gilles Bragard,\u00a0<\/span><span class=\"NormalTextRun SpellingErrorV2Themed SCXW183220250 BCX0\" data-ccp-parastyle=\"p3\">founder<\/span><span class=\"NormalTextRun SCXW183220250 BCX0\" data-ccp-parastyle=\"p3\">\u00a0of the Club des Chefs des Chefs, the international association\u00a0<\/span><span class=\"NormalTextRun SpellingErrorV2Themed SCXW183220250 BCX0\" data-ccp-parastyle=\"p3\">connecting<\/span><span class=\"NormalTextRun SCXW183220250 BCX0\" data-ccp-parastyle=\"p3\">\u00a0the\u00a0<\/span><span class=\"NormalTextRun SpellingErrorV2Themed SCXW183220250 BCX0\" data-ccp-parastyle=\"p3\">personal<\/span><span class=\"NormalTextRun SCXW183220250 BCX0\" data-ccp-parastyle=\"p3\">\u00a0chefs of\u00a0<\/span><span class=\"NormalTextRun SpellingErrorV2Themed SCXW183220250 BCX0\" data-ccp-parastyle=\"p3\">heads<\/span><span class=\"NormalTextRun SCXW183220250 BCX0\" data-ccp-parastyle=\"p3\">\u00a0of state\u00a0<\/span><span class=\"NormalTextRun SpellingErrorV2Themed SCXW183220250 BCX0\" data-ccp-parastyle=\"p3\">around<\/span><span class=\"NormalTextRun SCXW183220250 BCX0\" data-ccp-parastyle=\"p3\">\u00a0the world,\u00a0<\/span><span class=\"NormalTextRun SpellingErrorV2Themed SCXW183220250 BCX0\" data-ccp-parastyle=\"p3\">shares<\/span><span class=\"NormalTextRun SCXW183220250 BCX0\" data-ccp-parastyle=\"p3\">\u00a0<\/span><span class=\"NormalTextRun SpellingErrorV2Themed SCXW183220250 BCX0\" data-ccp-parastyle=\"p3\">his<\/span><span class=\"NormalTextRun SCXW183220250 BCX0\" data-ccp-parastyle=\"p3\">\u00a0perspective on the global traditions of\u00a0<\/span><span class=\"NormalTextRun SpellingErrorV2Themed SCXW183220250 BCX0\" data-ccp-parastyle=\"p3\">gastronomy<\/span><span class=\"NormalTextRun SCXW183220250 BCX0\" data-ccp-parastyle=\"p3\">. (Photo Credit: @Club des Chefs des Chefs)<\/span><\/p>\n<p>[\/et_pb_text][et_pb_text _builder_version=\u201d4.27.5\u2033 _module_preset=\u201ddefault\u201d header_2_font=\u201d|300|||||||\u201d header_2_text_color=\u201d#334556\u2033 header_2_font_size=\u201d38px\u201d custom_padding=\u201d50px||50px||true|false\u201d global_colors_info=\u201d{}\u201d]<\/p>\n<h3>4. The Philosophy That Brings Them Together<\/h3>\n<p><strong><i>Gilles Bragard, Founder Club des Chefs des Chefs<\/i>\u00a0<\/strong><\/p>\n<p><span data-contrast=\"auto\">Nearly five\u00a0decades ago, Gilles Bragard founded the\u00a0<\/span><i><span data-contrast=\"auto\">Club des Chefs des Chefs<\/span><\/i><span data-contrast=\"auto\">\u00a0(Club of Chefs to Heads of State)\u00a0to unite the personal chefs of heads of state\u2014one per nation\u2014in friendship and cooperation. Often described as the \u201cG20 of gastronomy,\u201d the organization exists to safeguard culinary traditions while fostering mutual respect.<\/span><span data-ccp-props='{\"134233117\":false,\"134233118\":false,\"335559738\":0,\"335559739\":0}'>\u00a0<\/span><\/p>\n<p><span data-contrast=\"auto\">His guiding conviction\u2014that a good table can unite where politics divides\u2014frames this voyage. Here, surrounded by Arctic ice, that belief feels elemental.<\/span><span data-ccp-props='{\"134233117\":false,\"134233118\":false,\"335559738\":0,\"335559739\":0}'>\u00a0<\/span><br>\n[\/et_pb_text][et_pb_image src=\u201dhttps:\/\/escales.ponant.com\/wp-content\/uploads\/2026\/03\/0O5A0665_CC140525_commandant_charcot_groenland_Ammassalik_zodiac\u00a9ponant_julien_fabro-1.jpg\u201d alt=\u201dResearch during PolarSOWCr \u2013 Informing the Search for Life on Ocean Worlds (Photo by Miriam Naseem)_800x500\u2033 title_text=\u201d0O5A0665_CC140525_commandant_charcot_groenland_Ammassalik_zodiac\u00a9ponant_julien_fabro\u201d align=\u201dcenter\u201d force_fullwidth=\u201don\u201d _builder_version=\u201d4.27.5\u2033 _module_preset=\u201ddefault\u201d background_color=\u201dRGBA(255,255,255,0)\u201d global_colors_info=\u201d{}\u201d][\/et_pb_image][et_pb_text _builder_version=\u201d4.27.5\u2033 _module_preset=\u201ddefault\u201d global_colors_info=\u201d{}\u201d]<\/p>\n<p style=\"text-align: center;\"><span class=\"NormalTextRun SCXW183220250 BCX0\" data-ccp-parastyle=\"p3\">\u00a0 <span class=\"TextRun SCXW255938299 BCX0\" lang=\"EN-US\" xml:lang=\"EN-US\" data-contrast=\"auto\"><span class=\"NormalTextRun SCXW255938299 BCX0\" data-ccp-parastyle=\"p2\"><em>Le Commandant Charcot<\/em>\u00a0<\/span><\/span><span class=\"TextRun SCXW255938299 BCX0\" lang=\"EN-US\" xml:lang=\"EN-US\" data-contrast=\"auto\"><span class=\"NormalTextRun SCXW255938299 BCX0\" data-ccp-parastyle=\"p2\">advances through the frozen waters of the Gulf of Bothnia, a region where winter transforms the Baltic into a vast Arctic landscape.<\/span><\/span><span class=\"EOP SCXW255938299 BCX0\" data-ccp-props='{\"134233117\":false,\"134233118\":false,\"335559738\":0,\"335559739\":0}'>\u00a0<\/span><\/span><span class=\"NormalTextRun SCXW183220250 BCX0\" data-ccp-parastyle=\"p3\">\u00a0(Photo Credit: \u00a9PONANT Julien Fabro)<\/span><\/p>\n<p>[\/et_pb_text][et_pb_text _builder_version=\u201d4.27.5\u2033 _module_preset=\u201ddefault\u201d header_2_font=\u201d|300|||||||\u201d header_2_text_color=\u201d#334556\u2033 header_2_font_size=\u201d38px\u201d custom_padding=\u201d50px||50px||true|false\u201d global_colors_info=\u201d{}\u201d]<\/p>\n<h3>5. Aboard the World\u2019s Only Luxury Icebreaker<\/h3>\n<p><em><strong><span class=\"TextRun SCXW200617554 BCX0\" lang=\"EN-US\" xml:lang=\"EN-US\" data-contrast=\"auto\"><span class=\"NormalTextRun SCXW200617554 BCX0\" data-ccp-parastyle=\"p2\" data-ccp-parastyle-defn='{\"ObjectId\":\"506f4605-f8bf-5663-9328-9a8ce0640195|1\",\"ClassId\":1073872969,\"Properties\":[268442635,\"24\",469777841,\"Times New Roman\",469777842,\"Times New Roman\",469777843,\"Times New Roman\",469777844,\"Times New Roman\",469769226,\"Times New Roman\",469775450,\"p2\",201340122,\"2\",134233614,\"true\",469778129,\"p2\",335572020,\"1\",134233118,\"true\",134233117,\"true\",469778324,\"Normal\"]}'>Le Commandant Charcot<\/span><\/span><span class=\"EOP SCXW200617554 BCX0\" data-ccp-props='{\"134233117\":false,\"134233118\":false,\"335559738\":0,\"335559739\":0}'>\u00a0<\/span><\/strong><\/em><i><\/i><i><\/i><\/p>\n<p><a href=\"https:\/\/us.ponant.com\/cruise-ships\/le-commandant-charcot\"><i><span data-contrast=\"none\">Le Commandant Charcot<\/span><\/i><\/a><span data-contrast=\"auto\">\u00a0is uniquely suited to host such dialogue. As the world\u2019s only luxury icebreaker, she navigates ice-covered waters inaccessible to conventional ships. Her PC2-class hull allows her to advance deliberately through the frozen Gulf of Bothnia, while state-of-the-art systems ensure comfort and environmental sensitivity.<\/span><span data-ccp-props='{\"134233117\":false,\"134233118\":false,\"335559738\":0,\"335559739\":0}'>\u00a0<\/span><\/p>\n<p><span data-contrast=\"auto\">On this voyage,\u00a0breaking the ice is not\u00a0only\u00a0a\u00a0metaphor,\u00a0it is\u00a0movement.<\/span><span data-ccp-props='{\"134233117\":false,\"134233118\":false,\"335559738\":0,\"335559739\":0}'>\u00a0<\/span><\/p>\n<p>[\/et_pb_text][et_pb_image src=\u201dhttps:\/\/escales.ponant.com\/wp-content\/uploads\/2026\/03\/No-2114_CC281224_Golfe-de-Botnie\u00a9StudioPONANT_MorganeLANCO-1.jpg\u201d alt=\u201dResearch during PolarSOWCr \u2013 Informing the Search for Life on Ocean Worlds (Photo by Miriam Naseem)_800x500\u2033 title_text=\u201dNo-2114_CC281224_Golfe-de-Botnie\u00a9StudioPONANT_MorganeLANCO\u201d align=\u201dcenter\u201d force_fullwidth=\u201don\u201d _builder_version=\u201d4.27.5\u2033 _module_preset=\u201ddefault\u201d background_color=\u201dRGBA(255,255,255,0)\u201d global_colors_info=\u201d{}\u201d][\/et_pb_image][et_pb_text _builder_version=\u201d4.27.5\u2033 _module_preset=\u201ddefault\u201d global_colors_info=\u201d{}\u201d]<\/p>\n<p style=\"text-align: center;\"><span class=\"NormalTextRun SCXW183220250 BCX0\" data-ccp-parastyle=\"p3\">\u00a0 <span class=\"TextRun SCXW148776368 BCX0\" lang=\"EN-US\" xml:lang=\"EN-US\" data-contrast=\"auto\"><span class=\"NormalTextRun SCXW148776368 BCX0\" data-ccp-parastyle=\"p2\">During winter, the Gulf of Bothnia transforms into a frozen seascape, with drifting sea ice and snow-covered boreal forests along the coasts of Finland and Sweden.<\/span><\/span><\/span><span class=\"NormalTextRun SCXW183220250 BCX0\" data-ccp-parastyle=\"p3\"> (Photo Credit: \u00a9StudioPONANT Morgane Lanco)<\/span><\/p>\n<p>[\/et_pb_text][et_pb_text _builder_version=\u201d4.27.5\u2033 _module_preset=\u201ddefault\u201d header_2_font=\u201d|300|||||||\u201d header_2_text_color=\u201d#334556\u2033 header_2_font_size=\u201d38px\u201d custom_padding=\u201d50px||50px||true|false\u201d global_colors_info=\u201d{}\u201d]<\/p>\n<h3>6. Winter at the Gateway to the Arctic<\/h3>\n<p><em><strong><span class=\"TextRun SCXW182455136 BCX0\" lang=\"EN-US\" xml:lang=\"EN-US\" data-contrast=\"auto\"><span class=\"NormalTextRun SCXW182455136 BCX0\" data-ccp-parastyle=\"p2\" data-ccp-parastyle-defn='{\"ObjectId\":\"506f4605-f8bf-5663-9328-9a8ce0640195|1\",\"ClassId\":1073872969,\"Properties\":[268442635,\"24\",469777841,\"Times New Roman\",469777842,\"Times New Roman\",469777843,\"Times New Roman\",469777844,\"Times New Roman\",469769226,\"Times New Roman\",469775450,\"p2\",201340122,\"2\",134233614,\"true\",469778129,\"p2\",335572020,\"1\",134233118,\"true\",134233117,\"true\",469778324,\"Normal\"]}'>The Gulf of Bothnia<\/span><\/span><span class=\"EOP SCXW182455136 BCX0\" data-ccp-props='{\"134233117\":false,\"134233118\":false,\"335559738\":0,\"335559739\":0}'>\u00a0<\/span><\/strong><\/em><\/p>\n<p><span class=\"TextRun SCXW102315710 BCX0\" lang=\"EN-US\" xml:lang=\"EN-US\" data-contrast=\"auto\"><span class=\"NormalTextRun SCXW102315710 BCX0\" data-ccp-parastyle=\"p3\" data-ccp-parastyle-defn='{\"ObjectId\":\"55a68153-7335-547e-9a8c-d95dc03098f4|1\",\"ClassId\":1073872969,\"Properties\":[268442635,\"24\",469777841,\"Times New Roman\",469777842,\"Times New Roman\",469777843,\"Times New Roman\",469777844,\"Times New Roman\",469769226,\"Times New Roman\",469775450,\"p3\",201340122,\"2\",134233614,\"true\",469778129,\"p3\",335572020,\"1\",134233118,\"true\",134233117,\"true\",469778324,\"Normal\"]}'>Between Finland and Sweden, the Baltic settles into luminous stillness. The period of\u00a0<\/span><\/span><span class=\"TextRun SCXW102315710 BCX0\" lang=\"EN-US\" xml:lang=\"EN-US\" data-contrast=\"auto\"><span class=\"NormalTextRun SpellingErrorV2Themed SCXW102315710 BCX0\" data-ccp-parastyle=\"p3\">k<\/span><span class=\"NormalTextRun SpellingErrorV2Themed SCXW102315710 BCX0\" data-ccp-parastyle=\"p3\">aamos<\/span><\/span><span class=\"TextRun SCXW102315710 BCX0\" lang=\"EN-US\" xml:lang=\"EN-US\" data-contrast=\"auto\"><span class=\"NormalTextRun SCXW102315710 BCX0\" data-ccp-parastyle=\"p3\">\u00a0<\/span><span class=\"NormalTextRun SCXW102315710 BCX0\" data-ccp-parastyle=\"p3\">(polar night)\u00a0<\/span><span class=\"NormalTextRun SCXW102315710 BCX0\" data-ccp-parastyle=\"p3\">reduces daylight to a lingering blue twilight. Snow gathers along the shores of Lapland. In Kemi, an ephemeral snow castle rises from the frozen coast. In\u00a0<\/span><span class=\"NormalTextRun SpellingErrorV2Themed SCXW102315710 BCX0\" data-ccp-parastyle=\"p3\">Lule\u00e5<\/span><span class=\"NormalTextRun SCXW102315710 BCX0\" data-ccp-parastyle=\"p3\">, lantern light glows against centuries-old wooden houses. Stockholm\u2019s archipelago appears sculpted and hushed beneath winter skies.<\/span><span class=\"NormalTextRun SCXW102315710 BCX0\" data-ccp-parastyle=\"p3\">\u00a0<\/span><span class=\"NormalTextRun SCXW102315710 BCX0\" data-ccp-parastyle=\"p3\">Cold clarifies the senses<\/span><span class=\"NormalTextRun SCXW102315710 BCX0\" data-ccp-parastyle=\"p3\">, and s<\/span><span class=\"NormalTextRun SCXW102315710 BCX0\" data-ccp-parastyle=\"p3\">ilence heightens presence.<\/span><\/span><span class=\"EOP SCXW102315710 BCX0\" data-ccp-props='{\"134233117\":false,\"134233118\":false,\"335559738\":0,\"335559739\":0}'>\u00a0<\/span><\/p>\n<p>\u00a0<br>\n[\/et_pb_text][et_pb_image src=\u201dhttps:\/\/escales.ponant.com\/wp-content\/uploads\/2026\/03\/157CHARCOT-TRI21-107001_Shooting-LifeStyle_CDT-Charcot_Restaurant-Gastronomique\u00a9PONANT-Gilles-Trilla-1.jpeg\u201d alt=\u201dResearch during PolarSOWCr \u2013 Informing the Search for Life on Ocean Worlds (Photo by Miriam Naseem)_800x500\u2033 title_text=\u201d157CHARCOT-TRI21-107001_Shooting-LifeStyle_CDT-Charcot_Restaurant-Gastronomique\u00a9PONANT-Gilles Trilla\u201d align=\u201dcenter\u201d force_fullwidth=\u201don\u201d _builder_version=\u201d4.27.5\u2033 _module_preset=\u201ddefault\u201d background_color=\u201dRGBA(255,255,255,0)\u201d global_colors_info=\u201d{}\u201d][\/et_pb_image][et_pb_text _builder_version=\u201d4.27.5\u2033 _module_preset=\u201ddefault\u201d global_colors_info=\u201d{}\u201d]<\/p>\n<p style=\"text-align: center;\"><span class=\"NormalTextRun SCXW183220250 BCX0\" data-ccp-parastyle=\"p3\">\u00a0 Aboard <em>Le Commandant Charcot<\/em> during a winter expedition cruise in the Far North, guests gather for dinner to share cuisine and conversation. <\/span><span class=\"NormalTextRun SCXW183220250 BCX0\" data-ccp-parastyle=\"p3\">(Photo Credit: \u00a9PONANT Gilles Trilla)<\/span><\/p>\n<p>[\/et_pb_text][et_pb_text _builder_version=\u201d4.27.5\u2033 _module_preset=\u201ddefault\u201d header_2_font=\u201d|300|||||||\u201d header_2_text_color=\u201d#334556\u2033 header_2_font_size=\u201d38px\u201d custom_padding=\u201d50px||50px||true|false\u201d global_colors_info=\u201d{}\u201d]<\/p>\n<h3>7. Nordic Traditions at the Table<\/h3>\n<p><strong><i>Where Winter Shapes the Plate <\/i><\/strong><\/p>\n<p><span data-contrast=\"auto\">Winter\u00a0<\/span><a href=\"https:\/\/us.ponant.com\/experiences\/gastronomy\"><span data-contrast=\"none\">cuisine<\/span><\/a><span data-contrast=\"auto\">\u00a0reflects its environment: salmon cured with dill, root vegetables drawn from frozen\u00a0earth,\u00a0berries preserved from fleeting summer light. Meals center on warmth and gathering.<\/span><span data-ccp-props='{\"134233117\":false,\"134233118\":false,\"335559738\":0,\"335559739\":0}'>\u00a0<\/span><span data-contrast=\"auto\">When regional traditions meet chefs who have cooked for presidents, something compelling\u00a0emerges\u2014a conversation between local and global, heritage and innovation.\u00a0<\/span><span data-contrast=\"none\">Flavor becomes a language shared across borders.<\/span><span data-ccp-props='{\"134233117\":false,\"134233118\":false,\"335559738\":0,\"335559739\":0}'>\u00a0<\/span><\/p>\n<p><span data-contrast=\"auto\"><strong>January marks a threshold.<\/strong> A\u00a0pause between what has been and what may be.\u00a0From January 15\u201323, 2027, this voyage through the\u00a0<\/span><a href=\"https:\/\/us.ponant.com\/northern-europe-scandinavia-the-gulf-of-bothnia-at-the-gateway-to-the-arctic-cc301226-12\"><span data-contrast=\"none\">Gulf of Bothnia<\/span><\/a><span data-contrast=\"auto\">\u00a0offers more than passage through Arctic waters.\u00a0It offers\u00a0encounters\u00a0and cultural\u00a0connections.<\/span><span data-ccp-props='{\"134233117\":false,\"134233118\":false,\"335559738\":0,\"335559739\":0}'>\u00a0<\/span><\/p>\n<p><span data-ccp-props='{\"134233117\":false,\"134233118\":false,\"335559738\":0,\"335559739\":0}'>\u00a0<\/span><span data-contrast=\"auto\">Where steel parts the Baltic ice,\u00a0conversation\u00a0crosses\u00a0borders.\u00a0And a shared meal draws the world closer.<\/span><span data-ccp-props='{\"134233117\":false,\"134233118\":false,\"335559738\":0,\"335559739\":0}'>\u00a0<\/span><\/p>\n<p>\u00a0<\/p>\n<p>[\/et_pb_text][\/et_pb_column][\/et_pb_row][\/et_pb_section][et_pb_section fb_built=\u201d1\u2033 _builder_version=\u201d4.16\u2033 _module_preset=\u201ddefault\u201d custom_padding=\u201d0px||0px||true|false\u201d global_colors_info=\u201d{}\u201d][\/et_pb_section][et_pb_section fb_built=\u201d1\u2033 _builder_version=\u201d4.16\u2033 _module_preset=\u201ddefault\u201d saved_tabs=\u201dall\u201d global_colors_info=\u201d{}\u201d][et_pb_row column_structure=\u201d1_2,1_2\u2033 _builder_version=\u201d4.16\u2033 _module_preset=\u201ddefault\u201d background_color=\u201d#334556\u2033 global_colors_info=\u201d{}\u201d][et_pb_column type=\u201d1_2\u2033 _builder_version=\u201d4.16\u2033 _module_preset=\u201ddefault\u201d custom_padding=\u201d|50px||50px|false|true\u201d global_colors_info=\u201d{}\u201d][et_pb_image src=\u201dhttps:\/\/escales.ponant.com\/wp-content\/uploads\/2026\/03\/R_No-2138_CC201224_Lulea\u00a9StudioPONANT_MorganeLANCO-1.jpg\u201d alt=\u201dpush-tpl\u201d title_text=\u201dR_No-2138_CC201224_Lulea\u00a9StudioPONANT_MorganeLANCO\u201d _builder_version=\u201d4.27.5\u2033 _module_preset=\u201ddefault\u201d max_width=\u201d445px\u201d module_alignment=\u201dcenter\u201d max_height=\u201d445px\u201d custom_margin=\u201d-90px||||false|false\u201d custom_padding=\u201d||20px||false|false\u201d global_colors_info=\u201d{}\u201d][\/et_pb_image][\/et_pb_column][et_pb_column type=\u201d1_2\u2033 _builder_version=\u201d4.16\u2033 _module_preset=\u201ddefault\u201d custom_padding=\u201d|50px|||false|false\u201d custom_padding_tablet=\u201d|50px||50px|false|false\u201d custom_padding_phone=\u201d|20px||20px|false|true\u201d custom_padding_last_edited=\u201don|phone\u201d global_colors_info=\u201d{}\u201d][et_pb_text _builder_version=\u201d4.16\u2033 _module_preset=\u201ddefault\u201d text_font=\u201d|700|||||||\u201d text_text_color=\u201d#ffffff\u201d text_font_size=\u201d38px\u201d text_line_height=\u201d1.4em\u201d width=\u201d70%\u201d width_tablet=\u201d100%\u201d width_phone=\u201d\u201d width_last_edited=\u201don|desktop\u201d custom_margin=\u201d10px||20px||false|false\u201d custom_padding=\u201d|||20px|false|false\u201d border_width_left=\u201d5px\u201d border_color_left=\u201d#26afc2\u2033 global_colors_info=\u201d{}\u201d]A polar night adventure<br>\n[\/et_pb_text][et_pb_text _builder_version=\u201d4.27.5\u2033 _module_preset=\u201ddefault\u201d text_text_color=\u201d#ffffff\u201d width=\u201d70%\u201d width_tablet=\u201d100%\u201d width_phone=\u201d\u201d width_last_edited=\u201don|desktop\u201d global_colors_info=\u201d{}\u201d]<\/p>\n<p>Aboard <em>Le Commandant Charcot,<\/em> culinary diplomacy welcomes the New Year in the heart of the Gulf of Bothnia with the enchanted landscapes of Lapland and the polar night as its backdrop.<\/p>\n<p>[\/et_pb_text][et_pb_button button_url=\u201dhttps:\/\/us.ponant.com\/northern-europe-scandinavia-the-gulf-of-bothnia-at-the-gateway-to-the-arctic-cc301226-12\u2033 url_new_window=\u201don\u201d button_text=\u201dLearn More\u201d button_alignment=\u201dleft\u201d _builder_version=\u201d4.27.5\u2033 _module_preset=\u201ddefault\u201d custom_margin=\u201d20px||20px||false|false\u201d global_colors_info=\u201d{}\u201d][\/et_pb_button][\/et_pb_column][\/et_pb_row][\/et_pb_section]<\/p>\n\n\n","protected":false},"excerpt":{"rendered":"<p>Culinary greats share their experience hosting diplomatic state dinners and culinary events with world leaders.<\/p>\n","protected":false},"author":17,"featured_media":17025847,"comment_status":"closed","ping_status":"closed","sticky":false,"template":"","format":"standard","meta":{"_acf_changed":false,"_et_pb_use_builder":"on","_et_pb_old_content":"<p>[et_pb_section fb_built=\"1\" _builder_version=\"4.7.4\" _module_preset=\"default\" custom_padding=\"0px||0px||true|false\"][et_pb_row _builder_version=\"4.7.4\" _module_preset=\"default\" max_width=\"900px\"][et_pb_column type=\"4_4\" _builder_version=\"4.7.4\" _module_preset=\"default\"][et_pb_text _builder_version=\"4.7.7\" _module_preset=\"default\" header_2_font=\"|300|||||||\" header_2_text_color=\"#334556\" header_2_font_size=\"38px\" header_2_line_height=\"1.4em\" header_3_font=\"|600|||||||\" header_3_text_color=\"#307f90\" header_3_font_size=\"26px\"]<\/p><h2>Rencontre avec une photographe dont les clich\u00e9s sont les t\u00e9moins d\u2019un monde fascinant.<\/h2><blockquote><p>Depuis 13 ans, Nathalie Michel est l\u2019une des signatures images de PONANT. Escales vous propose de faire un retour sur un parcours hors norme, qui met en lumi\u00e8re une fa\u00e7on unique de travailler, \u00e0 travers le monde. Curiosit\u00e9, respect des sujets et des animaux, amour du voyage et des tr\u00e9sors les plus recul\u00e9s de la plan\u00e8te guident Nathalie Michel dans sa fa\u00e7on de regarder le monde.<\/p><\/blockquote><p>[\/et_pb_text][et_pb_text _builder_version=\"4.7.7\" _module_preset=\"default\" text_font=\"||||||||\" text_line_height=\"1.8em\" header_2_font=\"|300|||||||\" header_2_text_color=\"#334556\" header_2_font_size=\"38px\" header_3_font=\"|600|||||||\" header_3_text_color=\"#307f90\" header_3_font_size=\"26px\" header_3_line_height=\"1.4em\" hover_enabled=\"0\" sticky_enabled=\"0\"]<\/p><h3>Comment avez-vous choisi la photographie de voyage ?<\/h3><p><strong>Nathalie Michel :<\/strong> Je suis tomb\u00e9e un peu par hasard sur ce m\u00e9tier qu\u2019est la <strong>photographie<\/strong>, et pour lequel j\u2019ai eu un v\u00e9ritable <strong>coup de foudre<\/strong>. Je m\u2019y suis retrouv\u00e9e dans la <strong>passion<\/strong>, l\u2019envie de partager, de t\u00e9moigner. L\u2019amour de la mer, l\u2019envie d\u2019embarquer, ont ensuite naturellement ax\u00e9 mon travail sur la <a href=\"https:\/\/escales.ponant.com\/les-instagrameurs-voyage-a-suivre-absolument\/\" target=\"_blank\" rel=\"noopener noreferrer\">photo de voyage<\/a>. Le monde maritime est tr\u00e8s fort selon les conditions que l\u2019on peut avoir de <a href=\"https:\/\/escales.ponant.com\/vents-marins\/\" target=\"_blank\" rel=\"noopener noreferrer\">temp\u00eate<\/a>, de lumi\u00e8re, et m\u00eame si \u00e7a ne transpara\u00eet pas par la photo, d\u2019odeur. Ce sont des <strong>ambiances<\/strong> chaque jour renouvel\u00e9es.<\/p><p>Et puis, pour moi c\u2019est important d\u2019apprendre tout le temps sur les peuples, la faune, la flore. Ce qui pourrait d\u00e9finir le mieux ce m\u00e9tier, c\u2019est la <strong>curiosit\u00e9<\/strong>, la <strong>passion<\/strong> et l\u2019<strong>envie de partager<\/strong>. J\u2019ai la chance de voyager sur tous les continents. Je peux communiquer sur les connaissances et la beaut\u00e9 du monde aupr\u00e8s des gens qui ne peuvent pas voir tout cela.<\/p><p>[\/et_pb_text][\/et_pb_column][\/et_pb_row][\/et_pb_section][et_pb_section fb_built=\"1\" _builder_version=\"4.7.7\" _module_preset=\"default\" custom_padding=\"0px||0px||true|false\"][et_pb_row _builder_version=\"4.7.7\" _module_preset=\"default\" width=\"100%\" max_width=\"100%\" custom_padding=\"0px||0px||true|false\"][et_pb_column type=\"4_4\" _builder_version=\"4.7.7\" _module_preset=\"default\"][et_pb_gallery gallery_ids=\"731,733,735,737,739\" posts_number=\"6\" show_title_and_caption=\"off\" show_pagination=\"off\" module_class=\"gal-col\" _builder_version=\"4.7.7\" _module_preset=\"default\"][\/et_pb_gallery][\/et_pb_column][\/et_pb_row][\/et_pb_section][et_pb_section fb_built=\"1\" _builder_version=\"4.7.4\" _module_preset=\"default\" custom_padding=\"0px||0px||true|false\"][et_pb_row _builder_version=\"4.7.4\" _module_preset=\"default\" max_width=\"1000px\" custom_padding=\"0px||0px|10px|true|false\"][et_pb_column type=\"4_4\" _builder_version=\"4.7.4\" _module_preset=\"default\"][et_pb_text _builder_version=\"4.7.7\" _module_preset=\"default\" text_font=\"||||||||\" text_line_height=\"1.8em\" header_2_font=\"|300|||||||\" header_2_text_color=\"#334556\" header_2_font_size=\"38px\" header_3_font=\"|600|||||||\" header_3_text_color=\"#307f90\" header_3_font_size=\"26px\" header_3_line_height=\"1.4em\" custom_padding=\"50px||50px||true|false\"]<\/p><h3><strong>Comment ce m\u00e9tier vous a amen\u00e9e chez Ponant ?<\/strong><\/h3><p><strong>Nathalie Michel :<\/strong> J\u2019ai eu la chance d\u2019embarquer il y a d\u00e9j\u00e0 25 ans pour une autre compagnie. Et puis, le <strong>monde de la mer<\/strong> passe de fa\u00e7on incontournable par <a href=\"https:\/\/www.ponant.com\/\" target=\"_blank\" rel=\"noopener noreferrer\">PONANT<\/a>. Certains de mes amis y travaillaient d\u00e9j\u00e0 et m\u2019ont invit\u00e9e \u00e0 les rejoindre en promettant que j\u2019allais y trouver ma place. Je ne cache pas qu\u2019au d\u00e9but j\u2019ai peut-\u00eatre embarqu\u00e9 en me disant : \u00ab Je vais faire un an ou deux \u00bb. Finalement, je n\u2019ai pas vu les treize derni\u00e8res ann\u00e9es passer ! J\u2019ai embarqu\u00e9 sur tous les navires : Le Diamant puis <a href=\"https:\/\/www.ponant.com\/le-boreal\" target=\"_blank\" rel=\"noopener noreferrer\"><em>Le Bor\u00e9al<\/em><\/a>, <a href=\"https:\/\/www.ponant.com\/l-austral-au-1\" target=\"_blank\" rel=\"noopener noreferrer\"><em>L\u2019Austral<\/em><\/a>, <a href=\"https:\/\/www.ponant.com\/le-soleal-so-1\" target=\"_blank\" rel=\"noopener noreferrer\"><em>Le Sol\u00e9al<\/em><\/a>, <a href=\"https:\/\/www.ponant.com\/le-lyrial-ly-1\" target=\"_blank\" rel=\"noopener noreferrer\"><em>Le Lyrial<\/em><\/a>, et enfin <a href=\"https:\/\/www.ponant.com\/le-laperouse-er-1\" target=\"_blank\" rel=\"noopener noreferrer\"><em>Le Lap\u00e9rouse<\/em><\/a>, ce magnifique bateau, inaugur\u00e9 en juillet 2018. <strong>PONANT<\/strong>, c\u2019est une aventure qui avance vite, qui va loin. Et qui, je pense, nous permet de r\u00e9aliser toutes ces<strong> envies de voyages<\/strong> et de <strong>d\u00e9couvertes<\/strong> non-stop. J\u2019ai toujours envie d\u2019aller plus loin. Ce qui est passionnant dans mon m\u00e9tier, c\u2019est de se dire que la plus belle photo, c\u2019est celle que l\u2019on fera demain.<\/p><h3>Aujourd\u2019hui, combien de photographes et de vid\u00e9astes \u00e9voluent au sein de la flotte Ponant ?<\/h3><p><strong>Nathalie Michel :<\/strong> On a eu la chance de d\u00e9marrer sur <strong>Le Diamant<\/strong>, avec mon mari, Fr\u00e9d\u00e9ric, qui est vid\u00e9aste. Nous \u00e9tions une petite \u00e9quipe. Puis, avec l\u2019av\u00e8nement des <strong>nouveaux navires<\/strong>, il a fallu recruter et former les gens. Nous recherchons des profils toujours aussi passionn\u00e9s, impliqu\u00e9s, avec une soif de d\u00e9couverte constante. Aujourd\u2019hui, nous avons <strong>dix photographes et vid\u00e9astes<\/strong> sur les navires. A l\u2019horizon 2021, on parle de <strong>30 photographes<\/strong> et cam\u00e9raman embarqu\u00e9s.<\/p><p>L\u2019objectif est de faire vivre le <a href=\"https:\/\/www.ponant.com\/vie-a-bord\">Studio Ponant<\/a>, cr\u00e9\u00e9 en 2016, et compos\u00e9 d\u2019une banque d\u2019images, d\u2019une phototh\u00e8que. Il a pour but de v\u00e9hiculer<strong> l\u2019image PONANT<\/strong> et d\u2019apporter une visibilit\u00e9 \u00e0 la compagnie partout dans le monde. Ces photos sont en effet utilis\u00e9es sur les r\u00e9seaux sociaux, dans nos brochures\u2026 Le Studio Ponant, c\u2019est l\u2019<strong>ADN images<\/strong> de Ponant tant au niveau photos que vid\u00e9os.<\/p><h3>Quelle est la vie et l\u2019emploi du temps d\u2019un photographe ou vid\u00e9aste \u00e0 bord ?<\/h3><p><strong>Nathalie Michel :<\/strong> D\u00e8s le premier jour de la croisi\u00e8re, quand les passagers arrivent, nous sommes pr\u00e9sents. Nous sommes l\u00e0 pour <strong>tracer l\u2019histoire<\/strong> de leur croisi\u00e8re. Nous immortalisons l\u2019accueil avec le Commandant, la premi\u00e8re poign\u00e9e de main, le premier contact avec le navire. Puis, on continue par le d\u00e9roul\u00e9 classique : les consignes de s\u00e9curit\u00e9, le premier cocktail du Commandant, avec les <a href=\"https:\/\/escales.ponant.com\/valise-croisiere\/\">tenues de gala<\/a>, l\u2019esprit de <strong>la croisi\u00e8re \u00e0 la fran\u00e7aise<\/strong>, ses coutumes, son apparat.<\/p><p>Et surtout, que l\u2019on soit en croisi\u00e8re d\u2019exp\u00e9dition ou pas, on va tr\u00e8s vite d\u00e9couvrir la destination. Nous immortalisons tous les <strong>temps forts<\/strong> : paysages, faune et flore, rencontres avec des peuples, d\u00e9couvertes de l\u2019artisanat local\u2026 Les passagers pourront les retrouver sur un DVD retra\u00e7ant l\u2019histoire compl\u00e8te de ce voyage, nourrie des interviews des conf\u00e9renciers, des naturalistes, des Commandants. Un tr\u00e8s beau <strong>Best Of photo<\/strong> reprend \u00e9galement l\u2019int\u00e9gralit\u00e9 de ces temps forts.<\/p><p>[\/et_pb_text][\/et_pb_column][\/et_pb_row][et_pb_row _builder_version=\"4.7.7\" _module_preset=\"default\" background_enable_color=\"off\" background_enable_image=\"off\" width=\"100%\" width_tablet=\"\" width_phone=\"\" width_last_edited=\"on|phone\" max_width=\"1100px\" module_alignment=\"center\" custom_padding=\"||5px||false|false\"][et_pb_column type=\"4_4\" _builder_version=\"4.7.7\" _module_preset=\"default\" background_enable_color=\"off\" background_enable_image=\"off\" background_size=\"contain\"][et_pb_image src=\"https:\/\/escales.ponant.com\/wp-content\/uploads\/2021\/01\/nathalie-michel-georgie-du-sud-1200x800-1.jpg\" alt=\"Nathalie Michel en Georgie du Sud \/ \u00a9Nathalie Michel\" title_text=\"nathalie-michel-georgie-du-sud-1200x800\" _builder_version=\"4.7.7\" _module_preset=\"default\"][\/et_pb_image][et_pb_text _builder_version=\"4.7.7\" _module_preset=\"default\" text_font=\"||on||||||\" text_text_color=\"#767676\" text_font_size=\"12px\" background_color=\"rgba(0,0,0,0)\"]Nathalie Michel en Georgie du Sud \/ \u00a9Nathalie Michel[\/et_pb_text][\/et_pb_column][\/et_pb_row][et_pb_row _builder_version=\"4.7.4\" _module_preset=\"default\" max_width=\"1000px\" custom_padding=\"0px||0px|10px|true|false\"][et_pb_column type=\"4_4\" _builder_version=\"4.7.4\" _module_preset=\"default\"][et_pb_text _builder_version=\"4.7.7\" _module_preset=\"default\" text_font=\"||||||||\" text_line_height=\"1.8em\" header_2_font=\"|300|||||||\" header_2_text_color=\"#334556\" header_2_font_size=\"38px\" header_3_font=\"|600|||||||\" header_3_text_color=\"#307f90\" header_3_font_size=\"26px\" header_3_line_height=\"1.4em\" custom_margin=\"||50px|||\" custom_padding=\"19px|||||\"]<\/p><h3>Comment conciliez-vous votre travail de photographe avec celui des naturalistes ou m\u00eame la pr\u00e9sence des passagers ?<\/h3><p><strong>Nathalie Michel :<\/strong> Nous travaillons forc\u00e9ment avec les <a href=\"https:\/\/escales.ponant.com\/deborah-pardo-naturaliste-antarctique\/\" target=\"_blank\" rel=\"noopener noreferrer\">naturalistes<\/a> et les conf\u00e9renciers pour conna\u00eetre les noms de certains animaux, des histoires, des lieux, qui peuvent \u00eatre racont\u00e9s en images. Ils nous aident \u00e9norm\u00e9ment pour toutes nos l\u00e9gendes. Il y a un vrai <strong>travail d\u2019\u00e9quipe<\/strong> \u00e0 bord.<\/p><p>Lors des croisi\u00e8res d\u2019exp\u00e9dition, nous participons aux briefings que le chef d\u2019exp\u00e9dition fait aux naturalistes avant chaque d\u00e9barquement. Les \u00e9quipes photos et vid\u00e9os partent avec le premier Zodiac mis \u00e0 l\u2019eau. Les naturalistes font un <strong>rep\u00e9rage de terrain<\/strong> pour assurer la s\u00e9curit\u00e9 des passagers, pour prot\u00e9ger les zones o\u00f9 sont les animaux. Les photographes et cam\u00e9raman les accompagnent. Nous prenons des clich\u00e9s dont ils se serviront lors des r\u00e9unions de fin de journ\u00e9e. Mais aussi, \u00e9videmment pour saisir des<strong> instants d\u2019exception<\/strong>, d\u2019un albatros sur son nid, d\u2019une colonie d\u2019otarie. On voit la m\u00eame chose que nos passagers, mais notre travail d\u2019image n\u00e9cessite notre pr\u00e9sence en avance sur le terrain.<\/p><h3>Quand vous prenez une photo, qu\u2019est-il essentiel de partager ?<\/h3><p><strong>Nathalie Michel :<\/strong> Quand on parle de photographe et vid\u00e9aste professionnel, le minimum que l\u2019on attend, c\u2019est la <strong>qualit\u00e9 des images<\/strong>. Pour moi, les plus belles photos ne seront pas les plus techniquement parfaites. L\u00e0 o\u00f9 le photographe de terrain est bon, c\u2019est quand il transmet une <strong>\u00e9motion<\/strong>, quand il capture quelque chose de sensible de l\u2019animal, qui peut nous amuser, nous secouer. Concernant, les paysages, il faut en trouver <a href=\"https:\/\/escales.ponant.com\/reussir-photos-couchers-soleil\/\" target=\"_blank\" rel=\"noopener noreferrer\">une essence particuli\u00e8re<\/a>, apporter un \u0153il artistique. Il faut savoir regarder et <strong>transmettre, partager, \u00e9mouvoir<\/strong>.<\/p><p>[\/et_pb_text][\/et_pb_column][\/et_pb_row][\/et_pb_section][et_pb_section fb_built=\"1\" _builder_version=\"4.7.7\" _module_preset=\"default\" custom_padding=\"0px||0px||true|false\"][et_pb_row _builder_version=\"4.7.7\" _module_preset=\"default\" width=\"100%\" max_width=\"100%\" custom_padding=\"0px||0px||true|false\"][et_pb_column type=\"4_4\" _builder_version=\"4.7.7\" _module_preset=\"default\"][et_pb_gallery gallery_ids=\"753,755,757,759,761,763\" posts_number=\"6\" show_title_and_caption=\"off\" show_pagination=\"off\" module_class=\"gal-col\" _builder_version=\"4.7.7\" _module_preset=\"default\"][\/et_pb_gallery][\/et_pb_column][\/et_pb_row][\/et_pb_section][et_pb_section fb_built=\"1\" _builder_version=\"4.7.4\" _module_preset=\"default\" custom_padding=\"0px||0px||true|false\"][et_pb_row _builder_version=\"4.7.4\" _module_preset=\"default\" max_width=\"1000px\" custom_padding=\"0px||0px|10px|true|false\"][et_pb_column type=\"4_4\" _builder_version=\"4.7.4\" _module_preset=\"default\"][et_pb_text _builder_version=\"4.7.7\" _module_preset=\"default\" text_font=\"||||||||\" text_line_height=\"1.8em\" header_2_font=\"|300|||||||\" header_2_text_color=\"#334556\" header_2_font_size=\"38px\" header_3_font=\"|600|||||||\" header_3_text_color=\"#307f90\" header_3_font_size=\"26px\" header_3_line_height=\"1.4em\" custom_padding=\"50px||50px||true|false\"]<\/p><h3>Comment se passe la rencontre avec des populations au bout du monde, quand on a un appareil photo dans les mains ?<\/h3><p><strong>Nathalie Michel<\/strong> : Partout dans le monde, au <a href=\"https:\/\/escales.ponant.com\/differences-arctique-antarctique\/\">Groenland<\/a> ou en Oc\u00e9anie, lors de la <a href=\"https:\/\/escales.ponant.com\/nicolas-dubreuil-croisiere-ponant\/\">cr\u00e9ation des croisi\u00e8res<\/a>, les chefs d\u2019exp\u00e9dition entrent en contact avec des chefs coutumiers ou des repr\u00e9sentants des peuples visit\u00e9s. Ils leur indiquent le nombre de personnes qui d\u00e9barqueront, ils leur demandent ce qu\u2019on peut faire ou non pour <strong>respecter<\/strong> leur mode de vie. Nous sommes pr\u00e9sents lors de cette phase. Nous leur demandons quelles sont leurs limites afin de ne pas perturber leurs vies.<\/p><p>En ce qui me concerne, j\u2019ai beaucoup de facilit\u00e9s \u00e0 entrer en contact avec des gens dont je ne parle pas la langue. Une chose est s\u00fbre, c\u2019est que jamais je n\u2019\u00e9tablis de premier contact en mettant mon objectif entre la personne et moi. Il faut <strong>prendre connaissance<\/strong> de l\u2019autre, <strong>prendre conscience<\/strong> de l\u2019autre, dans un \u00e9change. C\u2019est ensuite que vient l\u2019envie de faire la photo. L\u00e0, je demande une autorisation ; et je respecte si on me dit non. Parce qu\u2019un portrait r\u00e9ussi ne peut \u00eatre beau que si on a le <strong>consentement<\/strong> de l\u2019autre. M\u00eame si le regard n\u2019est pas direct, il y a des fous rires, des attitudes\u2026 J\u2019ai d\u2019ailleurs intitul\u00e9 une s\u00e9rie de photos \u00ab Quand Ponant regarde le monde, le monde lui sourit \u00bb, parce que nous avons un<strong> int\u00e9r\u00eat<\/strong>, un <strong>respect<\/strong>, et une envie de <strong>partage<\/strong> avec les gens. On ne vient pas dans le but de les exploiter, de commercialiser, et ils le sentent.<\/p><p>[\/et_pb_text][\/et_pb_column][\/et_pb_row][\/et_pb_section][et_pb_section fb_built=\"1\" _builder_version=\"4.7.7\" _module_preset=\"default\" custom_padding=\"0px||0px||true|false\"][et_pb_row _builder_version=\"4.7.7\" _module_preset=\"default\" width=\"100%\" max_width=\"100%\" custom_padding=\"0px||0px||true|false\"][et_pb_column type=\"4_4\" _builder_version=\"4.7.7\" _module_preset=\"default\"][et_pb_gallery gallery_ids=\"767,769,771,773,775,777\" posts_number=\"6\" show_title_and_caption=\"off\" show_pagination=\"off\" module_class=\"gal-col\" _builder_version=\"4.7.7\" _module_preset=\"default\"][\/et_pb_gallery][\/et_pb_column][\/et_pb_row][\/et_pb_section][et_pb_section fb_built=\"1\" _builder_version=\"4.7.4\" _module_preset=\"default\" custom_padding=\"0px||0px||true|false\"][et_pb_row _builder_version=\"4.7.4\" _module_preset=\"default\" max_width=\"1000px\" custom_padding=\"0px||0px|10px|true|false\" hover_enabled=\"0\" sticky_enabled=\"0\"][et_pb_column type=\"4_4\" _builder_version=\"4.7.4\" _module_preset=\"default\"][et_pb_text _builder_version=\"4.7.7\" _module_preset=\"default\" text_font=\"||||||||\" text_line_height=\"1.8em\" link_font=\"||||on||||\" header_2_font=\"|300|||||||\" header_2_text_color=\"#334556\" header_2_font_size=\"38px\" header_3_font=\"|600|||||||\" header_3_text_color=\"#307f90\" header_3_font_size=\"26px\" header_3_line_height=\"1.4em\" custom_padding=\"50px||50px||true|false\" hover_enabled=\"0\" sticky_enabled=\"0\"]<\/p><h3>Quel est le plus beau compliment que l\u2019on peut vous faire sur une photo ?<\/h3><p><strong>Nathalie Michel :<\/strong> Je n\u2019ai pas forc\u00e9ment envie qu\u2019on me dise \u00ab<em> Oh, c\u2019est une belle photo<\/em> \u00bb ! Je pr\u00e9f\u00e8re qu\u2019on me dise : \u00ab <em>Cette photo-l\u00e0 m\u2019a donn\u00e9 des <strong>frissons<\/strong><\/em> \u00bb. J\u2019aime v\u00e9hiculer des \u00e9motions, faire resurgir des souvenirs, \u00e0 travers un portrait, un paysage.<\/p><h3>Quel est votre plus beau souvenir de voyage ?<\/h3><p><strong>Nathalie Michel :<\/strong> J\u2019en ai beaucoup, mais surtout, j\u2019ai fait des <strong>rencontres humaines<\/strong> qui m\u2019ont boulevers\u00e9e. L\u2019important, ce n\u2019est pas d\u2019avoir fait trois fois le tour du monde, c\u2019est d\u2019\u00eatre libre d\u2019aller partout dans le monde, de le faire et de mesurer cette <strong>chance<\/strong>. Je peux me dire : \u00ab <em>Aujourd\u2019hui je suis au pied du Corcovado au <a href=\"https:\/\/escales.ponant.com\/archipel-fernando-noronha-bresil\/\">Br\u00e9sil<\/a>, hier j\u2019\u00e9tais sur un glacier en <a href=\"https:\/\/escales.ponant.com\/expedition-antarctique-experience\/\">Antarctique<\/a>, demain je suis au <strong>Kamchatka<\/strong> avec les orques, \u00e0 l\u2019extr\u00e9mit\u00e9 est de la Russie<\/em> \u00bb.<\/p><h3>Existe-t-il un lieu que vous n\u2019avez pas encore explor\u00e9 et qui vous fait r\u00eaver ?<\/h3><p><strong>Nathalie Michel : L\u2019Afrique<\/strong> est mon continent de c\u0153ur, qui m\u2019\u00e9meut vraiment. Apr\u00e8s, m\u00eame les pays que j\u2019ai d\u00e9j\u00e0 visit\u00e9s ont toujours quelque chose de nouveau \u00e0 offrir. Tout d\u00e9pend de l\u2019\u00e2ge auquel on y va, de la p\u00e9riode \u00e0 laquelle on y va, mais on y trouve toujours un int\u00e9r\u00eat. Petite, je demandais : \u00ab Qu\u2019est-ce qui se passe ailleurs ? \u00bb Cette envie est toujours pr\u00e9sente, in\u00e9puisable.<\/p><h3>Quels sont vos prochains projets ?<\/h3><p><strong>Nathalie Michel :<\/strong> Dans cet esprit de partage de mon travail, j\u2019ai co-\u00e9crit avec St\u00e9phane Niveau, le premier tome d\u2019une s\u00e9rie de livres photo voyage : <em>Cap au Nord<\/em>, sur l\u2019Arctique. Je suis en train d\u2019\u00e9crire <em>Cap au Sud<\/em>.<\/p><p>[\/et_pb_text][\/et_pb_column][\/et_pb_row][et_pb_row _builder_version=\"4.7.7\" _module_preset=\"default\" max_width=\"1000px\" hover_enabled=\"0\" sticky_enabled=\"0\" background_color=\"#f7f7f7\" custom_padding=\"|50px|50px|50px|false|true\" custom_padding_last_edited=\"on|phone\" custom_padding_phone=\"|20px||20px|false|true\" custom_margin=\"||50px||false|false\"][et_pb_column _builder_version=\"4.7.7\" _module_preset=\"default\" type=\"4_4\"][et_pb_text _builder_version=\"4.7.7\" _module_preset=\"default\" custom_padding=\"|20px||20px|true|true\" header_2_font=\"|300|on||||||\" header_2_text_align=\"center\" hover_enabled=\"0\" sticky_enabled=\"0\" background_enable_color=\"off\"]<\/p><h2>Les essentiels de Nathalie Michel<\/h2><p>[\/et_pb_text][et_pb_divider _builder_version=\"4.7.7\" _module_preset=\"default\" hover_enabled=\"0\" sticky_enabled=\"0\" divider_weight=\"3px\" width=\"15%\" module_alignment=\"center\" custom_padding=\"15px||15px||true|false\"][\/et_pb_divider][et_pb_text _builder_version=\"4.7.7\" _module_preset=\"default\" hover_enabled=\"0\" sticky_enabled=\"0\"]<strong style=\"color: #307f90;\">1. Vous \u00eates plut\u00f4t Exp\u00e9dition polaire ou tropicale ?<\/strong><br \/>Impossible de choisir ! J\u2019ai eu un gros coup de c\u0153ur pour les deux ! C\u2019est tellement diff\u00e9rent !<\/p><p><strong style=\"color: #307f90;\">2. Quel est l\u2019accessoire indispensable \u00e0 un photographe de terrain ?<\/strong><br \/>De bonnes chaussures de marche !<\/p><p><strong style=\"color: #307f90;\">3. Quel photographe est une source d\u2019inspiration pour vous ?<\/strong><br \/>Sebastiao Salgado pour son respect et son engagement pour la nature et les peuples, pour son travail sur les ombres et la lumi\u00e8re. Et les \u00e9motions qu\u2019il arrive \u00e0 donner au travers de ses clich\u00e9s.[\/et_pb_text][\/et_pb_column][\/et_pb_row][\/et_pb_section][et_pb_section fb_built=\"1\" _builder_version=\"4.7.7\" _module_preset=\"default\" hover_enabled=\"0\" sticky_enabled=\"0\" global_module=\"853\" saved_tabs=\"all\"][et_pb_row _builder_version=\"4.7.7\" _module_preset=\"default\" background_color=\"#334556\" hover_enabled=\"0\" sticky_enabled=\"0\" column_structure=\"1_2,1_2\"][et_pb_column _builder_version=\"4.7.7\" _module_preset=\"default\" type=\"1_2\" custom_padding=\"|50px||50px|false|true\" hover_enabled=\"0\" sticky_enabled=\"0\"][et_pb_image src=\"https:\/\/escales.ponant.com\/wp-content\/uploads\/2021\/01\/push-tpl.jpg\" _builder_version=\"4.7.7\" _module_preset=\"default\" title_text=\"push-tpl\" max_width=\"445px\" max_height=\"445px\" module_alignment=\"center\" custom_margin=\"-90px||||false|false\" custom_padding=\"||20px||false|false\" hover_enabled=\"0\" sticky_enabled=\"0\"][\/et_pb_image][\/et_pb_column][et_pb_column _builder_version=\"4.7.7\" _module_preset=\"default\" type=\"1_2\" custom_padding=\"|50px|||false|false\" hover_enabled=\"0\" sticky_enabled=\"0\" custom_padding_last_edited=\"on|phone\" custom_padding_tablet=\"|50px||50px|false|false\" custom_padding_phone=\"|20px||20px|false|true\"][et_pb_text _builder_version=\"4.7.7\" _module_preset=\"default\" hover_enabled=\"0\" sticky_enabled=\"0\" text_text_color=\"#ffffff\" text_font=\"|700|||||||\" text_font_size=\"38px\" text_line_height=\"1.4em\" border_width_left=\"5px\" border_color_left=\"#26afc2\" custom_padding=\"|||20px|false|false\" custom_margin=\"10px||20px||false|false\" width=\"70%\" width_last_edited=\"on|desktop\" width_tablet=\"100%\"]<\/p><p>Partez au bout du monde<\/p><p>[\/et_pb_text][et_pb_text _builder_version=\"4.7.7\" _module_preset=\"default\" hover_enabled=\"0\" sticky_enabled=\"0\" text_text_color=\"#ffffff\" width=\"70%\" width_last_edited=\"on|desktop\" width_tablet=\"100%\"]<\/p><p>De l\u2019Arctique \u00e0 l\u2019Antarctique, du Canada au Vanuatu, Ponant vous emm\u00e8ne dans les plus beaux endroits de la plan\u00e8te.<\/p><p>[\/et_pb_text][et_pb_button button_text=\"D\u00c9COUVREZ NOS DESTINATIONS\" _builder_version=\"4.7.7\" _module_preset=\"default\" button_alignment=\"left\" custom_margin=\"20px||20px||false|false\" hover_enabled=\"0\" sticky_enabled=\"0\" button_url=\"https:\/\/www.ponant.com\/decouvrez-nos-destinations\" url_new_window=\"on\"][\/et_pb_button][\/et_pb_column][\/et_pb_row][\/et_pb_section]<\/p>","_et_gb_content_width":"","_sitemap_exclude":false,"_sitemap_priority":"","_sitemap_frequency":"","footnotes":""},"categories":[1189,1190],"tags":[],"thematique":[1471,1465],"class_list":["post-17026432","post","type-post","status-publish","format-standard","has-post-thumbnail","hentry","category-get-inspired-us","category-get-ready-us","thematique-northern-europe-and-scandinavia-us","thematique-polar-adventures-us"],"acf":[],"yoast_head":"<!-- This site is optimized with the Yoast SEO plugin v26.9 - https:\/\/yoast.com\/product\/yoast-seo-wordpress\/ -->\n<title>From the White House to the Polar Night | PONANT US Magazine<\/title>\n<meta name=\"description\" content=\"White House Executive Chef Cristeta Comerford joins PONANT&#039;s Le Commandant Charcot for a luxury Arctic winter expedition into the polar night. January 2027.\" \/>\n<meta name=\"robots\" content=\"index, follow, max-snippet:-1, max-image-preview:large, max-video-preview:-1\" \/>\n<link rel=\"canonical\" href=\"https:\/\/escales.ponant.com\/us\/from-the-white-house-to-the-polar-night\/\" \/>\n<meta property=\"og:locale\" content=\"en_US\" \/>\n<meta property=\"og:type\" content=\"article\" \/>\n<meta property=\"og:title\" content=\"From the White House to the Polar Night | PONANT US Magazine\" \/>\n<meta property=\"og:description\" content=\"White House Executive Chef Cristeta Comerford joins PONANT&#039;s Le Commandant Charcot for a luxury Arctic winter expedition into the polar night. January 2027.\" \/>\n<meta property=\"og:url\" content=\"https:\/\/escales.ponant.com\/us\/from-the-white-house-to-the-polar-night\/\" \/>\n<meta property=\"og:site_name\" content=\"Magazine de voyage Escales : interviews, inspirations et conseils | Magazine PONANT\" \/>\n<meta property=\"article:publisher\" content=\"https:\/\/www.facebook.com\/ponant\" \/>\n<meta property=\"article:published_time\" content=\"2026-03-12T12:38:04+00:00\" \/>\n<meta property=\"article:modified_time\" content=\"2026-03-12T18:14:19+00:00\" \/>\n<meta property=\"og:image\" content=\"https:\/\/escales.ponant.com\/wp-content\/uploads\/2026\/03\/N\u00b00068_O300422_Reykjavik-Reykjavik\u00a9StudioPONANT_Morgane-Monneret_R-1.jpg\" \/>\n\t<meta property=\"og:image:width\" content=\"1500\" \/>\n\t<meta property=\"og:image:height\" content=\"828\" \/>\n\t<meta property=\"og:image:type\" content=\"image\/jpeg\" \/>\n<meta name=\"author\" content=\"Tulip Honrado-Silk\" \/>\n<meta name=\"twitter:card\" content=\"summary_large_image\" \/>\n<meta name=\"twitter:creator\" content=\"@Cie_ponant\" \/>\n<meta name=\"twitter:site\" content=\"@Cie_ponant\" \/>\n<!-- \/ Yoast SEO plugin. -->","yoast_head_json":{"title":"From the White House to the Polar Night | PONANT US Magazine","description":"White House Executive Chef Cristeta Comerford joins PONANT's Le Commandant Charcot for a luxury Arctic winter expedition into the polar night. January 2027.","robots":{"index":"index","follow":"follow","max-snippet":"max-snippet:-1","max-image-preview":"max-image-preview:large","max-video-preview":"max-video-preview:-1"},"canonical":"https:\/\/escales.ponant.com\/us\/from-the-white-house-to-the-polar-night\/","og_locale":"en_US","og_type":"article","og_title":"From the White House to the Polar Night | PONANT US Magazine","og_description":"White House Executive Chef Cristeta Comerford joins PONANT's Le Commandant Charcot for a luxury Arctic winter expedition into the polar night. January 2027.","og_url":"https:\/\/escales.ponant.com\/us\/from-the-white-house-to-the-polar-night\/","og_site_name":"Magazine de voyage Escales : interviews, inspirations et conseils | Magazine PONANT","article_publisher":"https:\/\/www.facebook.com\/ponant","article_published_time":"2026-03-12T12:38:04+00:00","article_modified_time":"2026-03-12T18:14:19+00:00","og_image":[{"width":1500,"height":828,"url":"https:\/\/escales.ponant.com\/wp-content\/uploads\/2026\/03\/N\u00b00068_O300422_Reykjavik-Reykjavik\u00a9StudioPONANT_Morgane-Monneret_R-1.jpg","type":"image\/jpeg"}],"author":"Tulip Honrado-Silk","twitter_card":"summary_large_image","twitter_creator":"@Cie_ponant","twitter_site":"@Cie_ponant","schema":{"@context":"https:\/\/schema.org","@graph":[{"@type":"Article","@id":"https:\/\/escales.ponant.com\/us\/from-the-white-house-to-the-polar-night\/#article","isPartOf":{"@id":"https:\/\/escales.ponant.com\/us\/from-the-white-house-to-the-polar-night\/"},"author":{"name":"Tulip Honrado-Silk","@id":"https:\/\/escales.ponant.com\/us\/#\/schema\/person\/0ae0207a2fbe80fc4907e4ae0093285d"},"headline":"From the White House to the Polar Night","datePublished":"2026-03-12T12:38:04+00:00","dateModified":"2026-03-12T18:14:19+00:00","mainEntityOfPage":{"@id":"https:\/\/escales.ponant.com\/us\/from-the-white-house-to-the-polar-night\/"},"wordCount":2386,"publisher":{"@id":"https:\/\/escales.ponant.com\/us\/#organization"},"image":{"@id":"https:\/\/escales.ponant.com\/us\/from-the-white-house-to-the-polar-night\/#primaryimage"},"thumbnailUrl":"https:\/\/escales.ponant.com\/wp-content\/uploads\/2026\/03\/N\u00b00068_O300422_Reykjavik-Reykjavik\u00a9StudioPONANT_Morgane-Monneret_R-1.jpg","articleSection":["Get inspired","Get ready"],"inLanguage":"en-US"},{"@type":"WebPage","@id":"https:\/\/escales.ponant.com\/us\/from-the-white-house-to-the-polar-night\/","url":"https:\/\/escales.ponant.com\/us\/from-the-white-house-to-the-polar-night\/","name":"From the White House to the Polar Night | PONANT US Magazine","isPartOf":{"@id":"https:\/\/escales.ponant.com\/us\/#website"},"primaryImageOfPage":{"@id":"https:\/\/escales.ponant.com\/us\/from-the-white-house-to-the-polar-night\/#primaryimage"},"image":{"@id":"https:\/\/escales.ponant.com\/us\/from-the-white-house-to-the-polar-night\/#primaryimage"},"thumbnailUrl":"https:\/\/escales.ponant.com\/wp-content\/uploads\/2026\/03\/N\u00b00068_O300422_Reykjavik-Reykjavik\u00a9StudioPONANT_Morgane-Monneret_R-1.jpg","datePublished":"2026-03-12T12:38:04+00:00","dateModified":"2026-03-12T18:14:19+00:00","description":"White House Executive Chef Cristeta Comerford joins PONANT's Le Commandant Charcot for a luxury Arctic winter expedition into the polar night. January 2027.","breadcrumb":{"@id":"https:\/\/escales.ponant.com\/us\/from-the-white-house-to-the-polar-night\/#breadcrumb"},"inLanguage":"en-US","potentialAction":[{"@type":"ReadAction","target":["https:\/\/escales.ponant.com\/us\/from-the-white-house-to-the-polar-night\/"]}]},{"@type":"ImageObject","inLanguage":"en-US","@id":"https:\/\/escales.ponant.com\/us\/from-the-white-house-to-the-polar-night\/#primaryimage","url":"https:\/\/escales.ponant.com\/wp-content\/uploads\/2026\/03\/N\u00b00068_O300422_Reykjavik-Reykjavik\u00a9StudioPONANT_Morgane-Monneret_R-1.jpg","contentUrl":"https:\/\/escales.ponant.com\/wp-content\/uploads\/2026\/03\/N\u00b00068_O300422_Reykjavik-Reykjavik\u00a9StudioPONANT_Morgane-Monneret_R-1.jpg","width":1500,"height":828},{"@type":"BreadcrumbList","@id":"https:\/\/escales.ponant.com\/us\/from-the-white-house-to-the-polar-night\/#breadcrumb","itemListElement":[{"@type":"ListItem","position":1,"name":"Home","item":"https:\/\/escales.ponant.com\/us\/"},{"@type":"ListItem","position":2,"name":"From the White House to the Polar Night"}]},{"@type":"WebSite","@id":"https:\/\/escales.ponant.com\/us\/#website","url":"https:\/\/escales.ponant.com\/us\/","name":"Magazine de voyage Escales : interviews, inspirations et conseils | Magazine PONANT","description":"Le magazine de voyage par PONANT","publisher":{"@id":"https:\/\/escales.ponant.com\/us\/#organization"},"potentialAction":[{"@type":"SearchAction","target":{"@type":"EntryPoint","urlTemplate":"https:\/\/escales.ponant.com\/us\/?s={search_term_string}"},"query-input":{"@type":"PropertyValueSpecification","valueRequired":true,"valueName":"search_term_string"}}],"inLanguage":"en-US"},{"@type":"Organization","@id":"https:\/\/escales.ponant.com\/us\/#organization","name":"Ponant","url":"https:\/\/escales.ponant.com\/us\/","logo":{"@type":"ImageObject","inLanguage":"en-US","@id":"https:\/\/escales.ponant.com\/us\/#\/schema\/logo\/image\/","url":"https:\/\/escales.ponant.com\/wp-content\/uploads\/2020\/12\/logo-escales@2x.png","contentUrl":"https:\/\/escales.ponant.com\/wp-content\/uploads\/2020\/12\/logo-escales@2x.png","width":510,"height":174,"caption":"Ponant"},"image":{"@id":"https:\/\/escales.ponant.com\/us\/#\/schema\/logo\/image\/"},"sameAs":["https:\/\/www.facebook.com\/ponant","https:\/\/x.com\/Cie_ponant","https:\/\/www.instagram.com\/croisieres_ponant\/","https:\/\/www.pinterest.com\/ponantcruises\/","https:\/\/www.youtube.com\/user\/PonantCroisieres"]},{"@type":"Person","@id":"https:\/\/escales.ponant.com\/us\/#\/schema\/person\/0ae0207a2fbe80fc4907e4ae0093285d","name":"Tulip Honrado-Silk","image":{"@type":"ImageObject","inLanguage":"en-US","@id":"https:\/\/escales.ponant.com\/us\/#\/schema\/person\/image\/","url":"https:\/\/secure.gravatar.com\/avatar\/7ddff4d46a060b539262a8134f6386d0c5f48605ebbca53becdc8cea6badfb42?s=96&d=mm&r=g","contentUrl":"https:\/\/secure.gravatar.com\/avatar\/7ddff4d46a060b539262a8134f6386d0c5f48605ebbca53becdc8cea6badfb42?s=96&d=mm&r=g","caption":"Tulip Honrado-Silk"}}]}},"_links":{"self":[{"href":"https:\/\/escales.ponant.com\/us\/wp-json\/wp\/v2\/posts\/17026432","targetHints":{"allow":["GET"]}}],"collection":[{"href":"https:\/\/escales.ponant.com\/us\/wp-json\/wp\/v2\/posts"}],"about":[{"href":"https:\/\/escales.ponant.com\/us\/wp-json\/wp\/v2\/types\/post"}],"author":[{"embeddable":true,"href":"https:\/\/escales.ponant.com\/us\/wp-json\/wp\/v2\/users\/17"}],"replies":[{"embeddable":true,"href":"https:\/\/escales.ponant.com\/us\/wp-json\/wp\/v2\/comments?post=17026432"}],"version-history":[{"count":31,"href":"https:\/\/escales.ponant.com\/us\/wp-json\/wp\/v2\/posts\/17026432\/revisions"}],"predecessor-version":[{"id":17047243,"href":"https:\/\/escales.ponant.com\/us\/wp-json\/wp\/v2\/posts\/17026432\/revisions\/17047243"}],"wp:featuredmedia":[{"embeddable":true,"href":"https:\/\/escales.ponant.com\/us\/wp-json\/wp\/v2\/media\/17025847"}],"wp:attachment":[{"href":"https:\/\/escales.ponant.com\/us\/wp-json\/wp\/v2\/media?parent=17026432"}],"wp:term":[{"taxonomy":"category","embeddable":true,"href":"https:\/\/escales.ponant.com\/us\/wp-json\/wp\/v2\/categories?post=17026432"},{"taxonomy":"post_tag","embeddable":true,"href":"https:\/\/escales.ponant.com\/us\/wp-json\/wp\/v2\/tags?post=17026432"},{"taxonomy":"thematique","embeddable":true,"href":"https:\/\/escales.ponant.com\/us\/wp-json\/wp\/v2\/thematique?post=17026432"}],"curies":[{"name":"wp","href":"https:\/\/api.w.org\/{rel}","templated":true}]}}